{"id":3907,"date":"2018-11-25T09:49:22","date_gmt":"2018-11-25T09:49:22","guid":{"rendered":"http:\/\/www.parrocchiasantarosalia.it\/?p=3907"},"modified":"2018-11-25T09:49:22","modified_gmt":"2018-11-25T09:49:22","slug":"cristo-re-25-novembre-2018","status":"publish","type":"post","link":"https:\/\/www.parrocchiasantarosalia.it\/?p=3907","title":{"rendered":"CRISTO RE &#8211; 25 Novembre 2018"},"content":{"rendered":"<p style=\"text-align: justify;\">\n<p style=\"text-align: justify;\"><em>Dal Vangelo secondo Giovanni Gv 18,33b-37<\/em><\/p>\n<p style=\"text-align: justify;\">Pilato allora rientr\u00f2 nel pretorio, fece chiamare Ges\u00f9 e gli disse: \u00abSei tu il re dei Giudei?\u00bb.\u00a0Ges\u00f9 rispose: \u00abDici questo da te, oppure altri ti hanno parlato di me?\u00bb.\u00a0Pilato disse: \u00abSono forse io Giudeo? La tua gente e i capi dei sacerdoti ti hanno consegnato a me. Che cosa hai fatto?\u00bb.\u00a0Rispose Ges\u00f9: \u00abIl mio regno non \u00e8 di questo mondo; se il mio regno fosse di questo mondo, i miei servitori avrebbero combattuto perch\u00e9 non fossi consegnato ai Giudei; ma il mio regno non \u00e8 di quaggi\u00f9\u00bb.\u00a0Allora Pilato gli disse: \u00abDunque tu sei re?\u00bb. Rispose Ges\u00f9: \u00abTu lo dici: io sono re. Per questo io sono nato e per questo sono venuto nel mondo: per dare testimonianza alla verit\u00e0. Chiunque \u00e8 dalla verit\u00e0, ascolta la mia voce\u00bb.<\/p>\n<p style=\"text-align: justify;\">Il vangelo ci presenta il dialogo tra Ges\u00f9 e Pilato sulla vera o presunta regalit\u00e0 del primo. Si svolge tra due domande. O meglio, tra la stessa domanda ripetuta due volte. La prima la potremmo chiamare la \u201cdomanda di rito\u201d: \u201cProprio tu, cos\u00ec ridotto, con la folla che ti urla contro e i sacerdoti che ti vogliono morto, sei il re dei Giudei?\u201d, sembra dire Pilato e lo fa con il tono che forse ciascuno di noi avrebbe usato. Le nostre categorie mentali, infatti, associano al re il potere, la ricchezza, anche la prepotenza e la sopraffazione. Sicuramente il poter guardare tutti dall\u2019alto in basso! Parliamoci chiaro: Ges\u00f9 non \u00e8 credibile come re.<\/p>\n<p style=\"text-align: justify;\">Ma ancora una volta, come in tutto il vangelo, c\u2019\u00e8 un segnale che sembra dire: obbligo di conversione. La vera regalit\u00e0 consiste nel servire gli altri: Dio \u00e8 il primo servitore della felicit\u00e0 dell\u2019uomo e Ges\u00f9, nella lavanda dei piedi, ci d\u00e0 l\u2019esempio tangibile di quale regalit\u00e0 si rivesta e della quale vuole farci dono. \u00c8 la rivoluzione copernicana del concetto di regalit\u00e0! E questo ci riguarda da molto vicino. Il re che scegliamo per la nostra vita pu\u00f2 essere un tiranno spietato, ma bello e desiderabile, o un servitore umile della nostra gioia, che per\u00f2 \u201cnon ha bellezza da attrarre lo sguardo\u201d. Il primo ha tanti nomi: consumismo, ricchezza, carrierismo a tutti i costi. Il secondo uno solo: Ges\u00f9 di Nazaret.<\/p>\n<p style=\"text-align: justify;\">A vederle cos\u00ec le cose ci sarebbe da esclamare: voglio sia Ges\u00f9 il vero re della mia vita! Ma non basta. Non \u00e8 un semplice esercizio mentale. A volte m\u2019illudo che sia cos\u00ec, ma poi basta paragonare il tempo che passo davanti alla tv e quello in preghiera per scoprire la mia reticenza a che lui diventi il mio Signore. Finch\u00e8 resta il maestro\u2026 \u00e8 tutto abbastanza semplice. Una buona cosa. Lo scelgo come maestro. Ma anche gli atei sono disposti a riconoscere che Ges\u00f9 \u00e8 un grandissimo maestro. Permettergli di diventare il Signore invece richie dell\u2019umilt\u00e0, la prontezza, l\u2019obbedienza e lo spirito di sacrificio di chi, dopo aver visto la preda, \u00e8 disposto anche al salto nel buio per conquistarla. Nel primo caso sapremmo forse parlare della verit\u00e0. Buon per gli altri. Non per noi. Nel secondo diventeremmo testimoni della verit\u00e0 che ascoltano e obbediscono alla sua Parola. Non pi\u00f9 padroni della nostra schiavit\u00f9, ma servi della libert\u00e0. E della Verit\u00e0<\/p>\n","protected":false},"excerpt":{"rendered":"<p>Dal Vangelo secondo Giovanni Gv 18,33b-37 Pilato allora rientr\u00f2 nel pretorio, fece chiamare Ges\u00f9 e gli disse: \u00abSei tu il re dei Giudei?\u00bb.\u00a0Ges\u00f9 rispose: \u00abDici questo da te, oppure altri ti hanno parlato di me?\u00bb.\u00a0Pilato disse: \u00abSono forse io Giudeo? La tua gente e i capi dei sacerdoti ti hanno consegnato a me. Che cosa hai fatto?\u00bb.\u00a0Rispose Ges\u00f9: \u00abIl mio regno non \u00e8 di questo mondo; se il mio regno fosse di questo mondo, i miei servitori avrebbero combattuto perch\u00e9 non fossi consegnato ai Giudei; ma il mio regno non \u00e8 di quaggi\u00f9\u00bb.\u00a0Allora Pilato gli disse: \u00abDunque tu sei re?\u00bb. <a class=\"more-link\" href=\"https:\/\/www.parrocchiasantarosalia.it\/?p=3907\">Continua a leggere \u2192<\/a><\/p>\n","protected":false},"author":1,"featured_media":0,"comment_status":"open","ping_status":"open","sticky":false,"template":"","format":"standard","meta":{"footnotes":""},"categories":[1],"tags":[],"_links":{"self":[{"href":"https:\/\/www.parrocchiasantarosalia.it\/index.php?rest_route=\/wp\/v2\/posts\/3907"}],"collection":[{"href":"https:\/\/www.parrocchiasantarosalia.it\/index.php?rest_route=\/wp\/v2\/posts"}],"about":[{"href":"https:\/\/www.parrocchiasantarosalia.it\/index.php?rest_route=\/wp\/v2\/types\/post"}],"author":[{"embeddable":true,"href":"https:\/\/www.parrocchiasantarosalia.it\/index.php?rest_route=\/wp\/v2\/users\/1"}],"replies":[{"embeddable":true,"href":"https:\/\/www.parrocchiasantarosalia.it\/index.php?rest_route=%2Fwp%2Fv2%2Fcomments&post=3907"}],"version-history":[{"count":0,"href":"https:\/\/www.parrocchiasantarosalia.it\/index.php?rest_route=\/wp\/v2\/posts\/3907\/revisions"}],"wp:attachment":[{"href":"https:\/\/www.parrocchiasantarosalia.it\/index.php?rest_route=%2Fwp%2Fv2%2Fmedia&parent=3907"}],"wp:term":[{"taxonomy":"category","embeddable":true,"href":"https:\/\/www.parrocchiasantarosalia.it\/index.php?rest_route=%2Fwp%2Fv2%2Fcategories&post=3907"},{"taxonomy":"post_tag","embeddable":true,"href":"https:\/\/www.parrocchiasantarosalia.it\/index.php?rest_route=%2Fwp%2Fv2%2Ftags&post=3907"}],"curies":[{"name":"wp","href":"https:\/\/api.w.org\/{rel}","templated":true}]}}